{"id":7016,"date":"2022-08-05T13:53:11","date_gmt":"2022-08-05T13:53:11","guid":{"rendered":"http:\/\/portalisproject.eu\/filleann-beanna-arsa-go-dti-an-borth-le-haghaidh-taispeantais-speisialta\/"},"modified":"2022-12-05T11:43:36","modified_gmt":"2022-12-05T11:43:36","slug":"filleann-beanna-arsa-go-dti-an-borth-le-haghaidh-taispeantais-speisialta","status":"publish","type":"post","link":"https:\/\/portalisproject.eu\/ga\/filleann-beanna-arsa-go-dti-an-borth-le-haghaidh-taispeantais-speisialta\/","title":{"rendered":"Filleann beanna \u00e1rsa go dt\u00ed an Borth le haghaidh taispe\u00e1ntais speisialta"},"content":{"rendered":"&#13;\n<p class=\"x_p3\">Go luath i m\u00ed L\u00fanasa na bliana seo d\u2019fhill beanna Borth (d\u00e1ta don Chr\u00e9-Umhaois) go dt\u00ed an Borth tar \u00e9is iarratas \u00f3 Mh\u00fasaem Iarnr\u00f3id Borth lean\u00faint ar aghaidh le taispe\u00e1ntas rath\u00fail in 2017.<\/p>&#13;\n<div>&#13;\n<div class=\"MarkUpstyled__MarkUpWrapper-sc-hxclep-0 etimnY\">&#13;\n<p>Ag labhairt d\u00f3 ag an am ar th\u00e1ngthas ar na beanna, d\u00fairt an Dr. Martin Bates \u00f3 Ollscoil na Breataine Bige, Col\u00e1iste na Tr\u00edon\u00f3ide, David, \u201cSh\u00edl m\u00e9 go mbeadh s\u00e9 n\u00edos m\u00f3 n\u00e1 4,000, n\u00f3 fi\u00fa 6,000, bliain d\u2019aois ach t\u00e1 s\u00e9 seo i bhfad n\u00edos \u00f3ige. n\u00e1 aon duine againn ag s\u00fail leis.<\/p>&#13;\n<\/div>&#13;\n<\/div>&#13;\n<div>&#13;\n<div class=\"MarkUpstyled__MarkUpWrapper-sc-hxclep-0 etimnY\">&#13;\n<p>\u201cIs \u00e9 an rud a ins\u00edonn an d\u00e1ta seo d\u00fainn n\u00e1 gur mhair talamh tirim san \u00e1it seo ar a laghad go dt\u00ed an Chr\u00e9-Umhaois, rud a chialla\u00edonn go raibh na tuilte anseo n\u00edos d\u00e9ana\u00ed n\u00e1 mar a ceapadh roimhe seo. Mar sin d\u2019athraigh na beanna \u00e1r dtuiscint ar cad a tharla don t\u00edrdhreach seo san am a chuaigh thart\u201d.<\/p>&#13;\n<h2>Exhibition\u00a0<\/h2>&#13;\n<\/div>&#13;\n<\/div>&#13;\n<p class=\"x_p3\">D\u00edr\u00edonn an taispe\u00e1ntas ar an bhforaois bh\u00e1ite at\u00e1 nochtaithe chomh maith idir an Borth agus Ynyslas a th\u00e9ann siar go dt\u00ed an tr\u00e9imhse Mh\u00e9isiliteach dh\u00e9anach agus na tr\u00e9imhs\u00ed Neoiliteacha (4-6 m\u00edle bliain \u00f3 shin) ach t\u00e1 beala\u00ed ann a ghearrann tr\u00edd an bhforaois a th\u00e9ann siar go dt\u00ed tr\u00e9imhs\u00ed i bhfad n\u00edos d\u00e9ana\u00ed.<\/p>&#13;\n<p class=\"x_p3\">T\u00e1 eolas sa taispe\u00e1ntas ar an bhforaois, ar sheand\u00e1la\u00edocht ghaolmhar na tr\u00e9imhse <span class=\"x_s4\">M\u00e9isiliteach<\/span> agus Neoiliteach chomh maith le fionnachtana \u00f3n gceantar. B\u00edonn an taispe\u00e1ntas ar oscailt ar an M\u00e1irt, ar an gC\u00e9adaoin, ar an D\u00e9ardaoin agus ar an Satharn \u00f3 12pm go 4pm, ar feadh L\u00fanasa agus go dt\u00ed t\u00fas Mhe\u00e1n F\u00f3mhair &#8211; cr\u00edochna\u00edonn an taispe\u00e1ntas ar 3 Me\u00e1n F\u00f3mhair.<\/p>&#13;\n<p class=\"x_p3\">T\u00e1irgeadh <span class=\"x_s4\">fleacha\u00ed<\/span> l\u00e9ana i mB\u00e9arla agus i mBreatnais le d\u00e1ileadh le linn an taispe\u00e1ntais faoin bhforaois agus faoi l\u00e1ithreacht an duine. Bh\u00ed an Dr. Martin Bates i gceannas ar shi\u00fal\u00f3id tr\u00edd an bhforaois le linn lag tr\u00e1 D\u00e9ardaoin 11 L\u00fanasa <span class=\"x_s5\">agus<\/span> D\u00e9 Domhnaigh 28 L\u00fanasa <span class=\"x_s5\">.<\/span> Bh\u00ed l\u00edon m\u00f3r daoine i l\u00e1thair a raibh sp\u00e9is acu sa tseand\u00e1la\u00edocht Mh\u00e9isiliteach n\u00f3 sp\u00e9is sa tseand\u00e1la\u00edocht \u00e1iti\u00fail.<\/p>&#13;\n","protected":false},"excerpt":{"rendered":"<p>&#13; Go luath i m\u00ed L\u00fanasa na bliana seo d\u2019fhill [&hellip;]<\/p>\n","protected":false},"author":5,"featured_media":7277,"comment_status":"open","ping_status":"open","sticky":false,"template":"","format":"standard","meta":{"footnotes":""},"categories":[74],"tags":[],"class_list":["post-7016","post","type-post","status-publish","format-standard","has-post-thumbnail","hentry","category-nuacht"],"yoast_head":"<!-- This site is optimized with the Yoast SEO plugin v27.5 - https:\/\/yoast.com\/product\/yoast-seo-wordpress\/ -->\n<title>Filleann beanna \u00e1rsa go dt\u00ed an Borth le haghaidh taispe\u00e1ntais speisialta - Portalis<\/title>\n<meta name=\"description\" content=\"F\u00e1ilt\u00edonn Portalis roimh chomhph\u00e1irtithe \u00f3n mBreatain Bheag chuig imeacht speisialta tosaigh %\" \/>\n<meta name=\"robots\" content=\"index, follow, max-snippet:-1, max-image-preview:large, max-video-preview:-1\" \/>\n<link rel=\"canonical\" href=\"https:\/\/portalisproject.eu\/ga\/filleann-beanna-arsa-go-dti-an-borth-le-haghaidh-taispeantais-speisialta\/\" \/>\n<meta property=\"og:locale\" content=\"ga_IE\" \/>\n<meta property=\"og:type\" content=\"article\" \/>\n<meta property=\"og:title\" content=\"Filleann beanna \u00e1rsa go dt\u00ed an Borth le haghaidh taispe\u00e1ntais speisialta - Portalis\" \/>\n<meta property=\"og:description\" content=\"F\u00e1ilt\u00edonn Portalis roimh chomhph\u00e1irtithe \u00f3n mBreatain Bheag chuig imeacht speisialta tosaigh %\" \/>\n<meta property=\"og:url\" content=\"https:\/\/portalisproject.eu\/ga\/filleann-beanna-arsa-go-dti-an-borth-le-haghaidh-taispeantais-speisialta\/\" \/>\n<meta property=\"og:site_name\" content=\"Portalis\" \/>\n<meta property=\"article:published_time\" content=\"2022-08-05T13:53:11+00:00\" \/>\n<meta property=\"article:modified_time\" content=\"2022-12-05T11:43:36+00:00\" \/>\n<meta property=\"og:image\" content=\"https:\/\/portalisproject.eu\/wp-content\/uploads\/2022\/08\/Submerged_forest_walk10.jpg\" \/>\n\t<meta property=\"og:image:width\" content=\"1629\" \/>\n\t<meta property=\"og:image:height\" content=\"1222\" \/>\n\t<meta property=\"og:image:type\" content=\"image\/jpeg\" \/>\n<meta name=\"author\" content=\"Ian.Dunne@setu.ie\" \/>\n<meta name=\"twitter:card\" content=\"summary_large_image\" \/>\n<meta name=\"twitter:label1\" content=\"Written by\" \/>\n\t<meta name=\"twitter:data1\" content=\"Ian.Dunne@setu.ie\" \/>\n\t<meta name=\"twitter:label2\" content=\"Est. reading time\" \/>\n\t<meta name=\"twitter:data2\" content=\"2 minutes\" \/>\n<script type=\"application\/ld+json\" class=\"yoast-schema-graph\">{\"@context\":\"https:\\\/\\\/schema.org\",\"@graph\":[{\"@type\":\"Article\",\"@id\":\"https:\\\/\\\/portalisproject.eu\\\/ga\\\/filleann-beanna-arsa-go-dti-an-borth-le-haghaidh-taispeantais-speisialta\\\/#article\",\"isPartOf\":{\"@id\":\"https:\\\/\\\/portalisproject.eu\\\/ga\\\/filleann-beanna-arsa-go-dti-an-borth-le-haghaidh-taispeantais-speisialta\\\/\"},\"author\":{\"name\":\"Ian.Dunne@setu.ie\",\"@id\":\"https:\\\/\\\/portalisproject.eu\\\/ga\\\/#\\\/schema\\\/person\\\/5d87db79def8ec69a4079588006e4a5a\"},\"headline\":\"Filleann beanna \u00e1rsa go dt\u00ed an Borth le haghaidh taispe\u00e1ntais speisialta\",\"datePublished\":\"2022-08-05T13:53:11+00:00\",\"dateModified\":\"2022-12-05T11:43:36+00:00\",\"mainEntityOfPage\":{\"@id\":\"https:\\\/\\\/portalisproject.eu\\\/ga\\\/filleann-beanna-arsa-go-dti-an-borth-le-haghaidh-taispeantais-speisialta\\\/\"},\"wordCount\":410,\"commentCount\":0,\"image\":{\"@id\":\"https:\\\/\\\/portalisproject.eu\\\/ga\\\/filleann-beanna-arsa-go-dti-an-borth-le-haghaidh-taispeantais-speisialta\\\/#primaryimage\"},\"thumbnailUrl\":\"https:\\\/\\\/portalisproject.eu\\\/wp-content\\\/uploads\\\/2022\\\/08\\\/Submerged_forest_walk10.jpg\",\"articleSection\":[\"Nuacht\"],\"inLanguage\":\"ga-IE\",\"potentialAction\":[{\"@type\":\"CommentAction\",\"name\":\"Comment\",\"target\":[\"https:\\\/\\\/portalisproject.eu\\\/ga\\\/filleann-beanna-arsa-go-dti-an-borth-le-haghaidh-taispeantais-speisialta\\\/#respond\"]}]},{\"@type\":\"WebPage\",\"@id\":\"https:\\\/\\\/portalisproject.eu\\\/ga\\\/filleann-beanna-arsa-go-dti-an-borth-le-haghaidh-taispeantais-speisialta\\\/\",\"url\":\"https:\\\/\\\/portalisproject.eu\\\/ga\\\/filleann-beanna-arsa-go-dti-an-borth-le-haghaidh-taispeantais-speisialta\\\/\",\"name\":\"Filleann beanna \u00e1rsa go dt\u00ed an Borth le haghaidh taispe\u00e1ntais speisialta - Portalis\",\"isPartOf\":{\"@id\":\"https:\\\/\\\/portalisproject.eu\\\/ga\\\/#website\"},\"primaryImageOfPage\":{\"@id\":\"https:\\\/\\\/portalisproject.eu\\\/ga\\\/filleann-beanna-arsa-go-dti-an-borth-le-haghaidh-taispeantais-speisialta\\\/#primaryimage\"},\"image\":{\"@id\":\"https:\\\/\\\/portalisproject.eu\\\/ga\\\/filleann-beanna-arsa-go-dti-an-borth-le-haghaidh-taispeantais-speisialta\\\/#primaryimage\"},\"thumbnailUrl\":\"https:\\\/\\\/portalisproject.eu\\\/wp-content\\\/uploads\\\/2022\\\/08\\\/Submerged_forest_walk10.jpg\",\"datePublished\":\"2022-08-05T13:53:11+00:00\",\"dateModified\":\"2022-12-05T11:43:36+00:00\",\"author\":{\"@id\":\"https:\\\/\\\/portalisproject.eu\\\/ga\\\/#\\\/schema\\\/person\\\/5d87db79def8ec69a4079588006e4a5a\"},\"description\":\"F\u00e1ilt\u00edonn Portalis roimh chomhph\u00e1irtithe \u00f3n mBreatain Bheag chuig imeacht speisialta tosaigh %\",\"breadcrumb\":{\"@id\":\"https:\\\/\\\/portalisproject.eu\\\/ga\\\/filleann-beanna-arsa-go-dti-an-borth-le-haghaidh-taispeantais-speisialta\\\/#breadcrumb\"},\"inLanguage\":\"ga-IE\",\"potentialAction\":[{\"@type\":\"ReadAction\",\"target\":[\"https:\\\/\\\/portalisproject.eu\\\/ga\\\/filleann-beanna-arsa-go-dti-an-borth-le-haghaidh-taispeantais-speisialta\\\/\"]}]},{\"@type\":\"ImageObject\",\"inLanguage\":\"ga-IE\",\"@id\":\"https:\\\/\\\/portalisproject.eu\\\/ga\\\/filleann-beanna-arsa-go-dti-an-borth-le-haghaidh-taispeantais-speisialta\\\/#primaryimage\",\"url\":\"https:\\\/\\\/portalisproject.eu\\\/wp-content\\\/uploads\\\/2022\\\/08\\\/Submerged_forest_walk10.jpg\",\"contentUrl\":\"https:\\\/\\\/portalisproject.eu\\\/wp-content\\\/uploads\\\/2022\\\/08\\\/Submerged_forest_walk10.jpg\",\"width\":1629,\"height\":1222},{\"@type\":\"BreadcrumbList\",\"@id\":\"https:\\\/\\\/portalisproject.eu\\\/ga\\\/filleann-beanna-arsa-go-dti-an-borth-le-haghaidh-taispeantais-speisialta\\\/#breadcrumb\",\"itemListElement\":[{\"@type\":\"ListItem\",\"position\":1,\"name\":\"Home\",\"item\":\"https:\\\/\\\/portalisproject.eu\\\/ga\\\/\"},{\"@type\":\"ListItem\",\"position\":2,\"name\":\"Filleann beanna \u00e1rsa go dt\u00ed an Borth le haghaidh taispe\u00e1ntais speisialta\"}]},{\"@type\":\"WebSite\",\"@id\":\"https:\\\/\\\/portalisproject.eu\\\/ga\\\/#website\",\"url\":\"https:\\\/\\\/portalisproject.eu\\\/ga\\\/\",\"name\":\"Portalis\",\"description\":\"Discover the earliest connection between Ireland and Wales\",\"potentialAction\":[{\"@type\":\"SearchAction\",\"target\":{\"@type\":\"EntryPoint\",\"urlTemplate\":\"https:\\\/\\\/portalisproject.eu\\\/ga\\\/?s={search_term_string}\"},\"query-input\":{\"@type\":\"PropertyValueSpecification\",\"valueRequired\":true,\"valueName\":\"search_term_string\"}}],\"inLanguage\":\"ga-IE\"},{\"@type\":\"Person\",\"@id\":\"https:\\\/\\\/portalisproject.eu\\\/ga\\\/#\\\/schema\\\/person\\\/5d87db79def8ec69a4079588006e4a5a\",\"name\":\"Ian.Dunne@setu.ie\",\"image\":{\"@type\":\"ImageObject\",\"inLanguage\":\"ga-IE\",\"@id\":\"https:\\\/\\\/secure.gravatar.com\\\/avatar\\\/2384ef6d46d68b2eb044798e2c071f4e55882bbea7ebf77b985d97e464995723?s=96&d=mm&r=g\",\"url\":\"https:\\\/\\\/secure.gravatar.com\\\/avatar\\\/2384ef6d46d68b2eb044798e2c071f4e55882bbea7ebf77b985d97e464995723?s=96&d=mm&r=g\",\"contentUrl\":\"https:\\\/\\\/secure.gravatar.com\\\/avatar\\\/2384ef6d46d68b2eb044798e2c071f4e55882bbea7ebf77b985d97e464995723?s=96&d=mm&r=g\",\"caption\":\"Ian.Dunne@setu.ie\"},\"url\":\"https:\\\/\\\/portalisproject.eu\\\/ga\\\/author\\\/ian-dunnesetu-ie\\\/\"}]}<\/script>\n<!-- \/ Yoast SEO plugin. -->","yoast_head_json":{"title":"Filleann beanna \u00e1rsa go dt\u00ed an Borth le haghaidh taispe\u00e1ntais speisialta - Portalis","description":"F\u00e1ilt\u00edonn Portalis roimh chomhph\u00e1irtithe \u00f3n mBreatain Bheag chuig imeacht speisialta tosaigh %","robots":{"index":"index","follow":"follow","max-snippet":"max-snippet:-1","max-image-preview":"max-image-preview:large","max-video-preview":"max-video-preview:-1"},"canonical":"https:\/\/portalisproject.eu\/ga\/filleann-beanna-arsa-go-dti-an-borth-le-haghaidh-taispeantais-speisialta\/","og_locale":"ga_IE","og_type":"article","og_title":"Filleann beanna \u00e1rsa go dt\u00ed an Borth le haghaidh taispe\u00e1ntais speisialta - Portalis","og_description":"F\u00e1ilt\u00edonn Portalis roimh chomhph\u00e1irtithe \u00f3n mBreatain Bheag chuig imeacht speisialta tosaigh %","og_url":"https:\/\/portalisproject.eu\/ga\/filleann-beanna-arsa-go-dti-an-borth-le-haghaidh-taispeantais-speisialta\/","og_site_name":"Portalis","article_published_time":"2022-08-05T13:53:11+00:00","article_modified_time":"2022-12-05T11:43:36+00:00","og_image":[{"width":1629,"height":1222,"url":"https:\/\/portalisproject.eu\/wp-content\/uploads\/2022\/08\/Submerged_forest_walk10.jpg","type":"image\/jpeg"}],"author":"Ian.Dunne@setu.ie","twitter_card":"summary_large_image","twitter_misc":{"Written by":"Ian.Dunne@setu.ie","Est. reading time":"2 minutes"},"schema":{"@context":"https:\/\/schema.org","@graph":[{"@type":"Article","@id":"https:\/\/portalisproject.eu\/ga\/filleann-beanna-arsa-go-dti-an-borth-le-haghaidh-taispeantais-speisialta\/#article","isPartOf":{"@id":"https:\/\/portalisproject.eu\/ga\/filleann-beanna-arsa-go-dti-an-borth-le-haghaidh-taispeantais-speisialta\/"},"author":{"name":"Ian.Dunne@setu.ie","@id":"https:\/\/portalisproject.eu\/ga\/#\/schema\/person\/5d87db79def8ec69a4079588006e4a5a"},"headline":"Filleann beanna \u00e1rsa go dt\u00ed an Borth le haghaidh taispe\u00e1ntais speisialta","datePublished":"2022-08-05T13:53:11+00:00","dateModified":"2022-12-05T11:43:36+00:00","mainEntityOfPage":{"@id":"https:\/\/portalisproject.eu\/ga\/filleann-beanna-arsa-go-dti-an-borth-le-haghaidh-taispeantais-speisialta\/"},"wordCount":410,"commentCount":0,"image":{"@id":"https:\/\/portalisproject.eu\/ga\/filleann-beanna-arsa-go-dti-an-borth-le-haghaidh-taispeantais-speisialta\/#primaryimage"},"thumbnailUrl":"https:\/\/portalisproject.eu\/wp-content\/uploads\/2022\/08\/Submerged_forest_walk10.jpg","articleSection":["Nuacht"],"inLanguage":"ga-IE","potentialAction":[{"@type":"CommentAction","name":"Comment","target":["https:\/\/portalisproject.eu\/ga\/filleann-beanna-arsa-go-dti-an-borth-le-haghaidh-taispeantais-speisialta\/#respond"]}]},{"@type":"WebPage","@id":"https:\/\/portalisproject.eu\/ga\/filleann-beanna-arsa-go-dti-an-borth-le-haghaidh-taispeantais-speisialta\/","url":"https:\/\/portalisproject.eu\/ga\/filleann-beanna-arsa-go-dti-an-borth-le-haghaidh-taispeantais-speisialta\/","name":"Filleann beanna \u00e1rsa go dt\u00ed an Borth le haghaidh taispe\u00e1ntais speisialta - Portalis","isPartOf":{"@id":"https:\/\/portalisproject.eu\/ga\/#website"},"primaryImageOfPage":{"@id":"https:\/\/portalisproject.eu\/ga\/filleann-beanna-arsa-go-dti-an-borth-le-haghaidh-taispeantais-speisialta\/#primaryimage"},"image":{"@id":"https:\/\/portalisproject.eu\/ga\/filleann-beanna-arsa-go-dti-an-borth-le-haghaidh-taispeantais-speisialta\/#primaryimage"},"thumbnailUrl":"https:\/\/portalisproject.eu\/wp-content\/uploads\/2022\/08\/Submerged_forest_walk10.jpg","datePublished":"2022-08-05T13:53:11+00:00","dateModified":"2022-12-05T11:43:36+00:00","author":{"@id":"https:\/\/portalisproject.eu\/ga\/#\/schema\/person\/5d87db79def8ec69a4079588006e4a5a"},"description":"F\u00e1ilt\u00edonn Portalis roimh chomhph\u00e1irtithe \u00f3n mBreatain Bheag chuig imeacht speisialta tosaigh %","breadcrumb":{"@id":"https:\/\/portalisproject.eu\/ga\/filleann-beanna-arsa-go-dti-an-borth-le-haghaidh-taispeantais-speisialta\/#breadcrumb"},"inLanguage":"ga-IE","potentialAction":[{"@type":"ReadAction","target":["https:\/\/portalisproject.eu\/ga\/filleann-beanna-arsa-go-dti-an-borth-le-haghaidh-taispeantais-speisialta\/"]}]},{"@type":"ImageObject","inLanguage":"ga-IE","@id":"https:\/\/portalisproject.eu\/ga\/filleann-beanna-arsa-go-dti-an-borth-le-haghaidh-taispeantais-speisialta\/#primaryimage","url":"https:\/\/portalisproject.eu\/wp-content\/uploads\/2022\/08\/Submerged_forest_walk10.jpg","contentUrl":"https:\/\/portalisproject.eu\/wp-content\/uploads\/2022\/08\/Submerged_forest_walk10.jpg","width":1629,"height":1222},{"@type":"BreadcrumbList","@id":"https:\/\/portalisproject.eu\/ga\/filleann-beanna-arsa-go-dti-an-borth-le-haghaidh-taispeantais-speisialta\/#breadcrumb","itemListElement":[{"@type":"ListItem","position":1,"name":"Home","item":"https:\/\/portalisproject.eu\/ga\/"},{"@type":"ListItem","position":2,"name":"Filleann beanna \u00e1rsa go dt\u00ed an Borth le haghaidh taispe\u00e1ntais speisialta"}]},{"@type":"WebSite","@id":"https:\/\/portalisproject.eu\/ga\/#website","url":"https:\/\/portalisproject.eu\/ga\/","name":"Portalis","description":"Discover the earliest connection between Ireland and Wales","potentialAction":[{"@type":"SearchAction","target":{"@type":"EntryPoint","urlTemplate":"https:\/\/portalisproject.eu\/ga\/?s={search_term_string}"},"query-input":{"@type":"PropertyValueSpecification","valueRequired":true,"valueName":"search_term_string"}}],"inLanguage":"ga-IE"},{"@type":"Person","@id":"https:\/\/portalisproject.eu\/ga\/#\/schema\/person\/5d87db79def8ec69a4079588006e4a5a","name":"Ian.Dunne@setu.ie","image":{"@type":"ImageObject","inLanguage":"ga-IE","@id":"https:\/\/secure.gravatar.com\/avatar\/2384ef6d46d68b2eb044798e2c071f4e55882bbea7ebf77b985d97e464995723?s=96&d=mm&r=g","url":"https:\/\/secure.gravatar.com\/avatar\/2384ef6d46d68b2eb044798e2c071f4e55882bbea7ebf77b985d97e464995723?s=96&d=mm&r=g","contentUrl":"https:\/\/secure.gravatar.com\/avatar\/2384ef6d46d68b2eb044798e2c071f4e55882bbea7ebf77b985d97e464995723?s=96&d=mm&r=g","caption":"Ian.Dunne@setu.ie"},"url":"https:\/\/portalisproject.eu\/ga\/author\/ian-dunnesetu-ie\/"}]}},"_links":{"self":[{"href":"https:\/\/portalisproject.eu\/ga\/wp-json\/wp\/v2\/posts\/7016","targetHints":{"allow":["GET"]}}],"collection":[{"href":"https:\/\/portalisproject.eu\/ga\/wp-json\/wp\/v2\/posts"}],"about":[{"href":"https:\/\/portalisproject.eu\/ga\/wp-json\/wp\/v2\/types\/post"}],"author":[{"embeddable":true,"href":"https:\/\/portalisproject.eu\/ga\/wp-json\/wp\/v2\/users\/5"}],"replies":[{"embeddable":true,"href":"https:\/\/portalisproject.eu\/ga\/wp-json\/wp\/v2\/comments?post=7016"}],"version-history":[{"count":6,"href":"https:\/\/portalisproject.eu\/ga\/wp-json\/wp\/v2\/posts\/7016\/revisions"}],"predecessor-version":[{"id":7826,"href":"https:\/\/portalisproject.eu\/ga\/wp-json\/wp\/v2\/posts\/7016\/revisions\/7826"}],"wp:featuredmedia":[{"embeddable":true,"href":"https:\/\/portalisproject.eu\/ga\/wp-json\/wp\/v2\/media\/7277"}],"wp:attachment":[{"href":"https:\/\/portalisproject.eu\/ga\/wp-json\/wp\/v2\/media?parent=7016"}],"wp:term":[{"taxonomy":"category","embeddable":true,"href":"https:\/\/portalisproject.eu\/ga\/wp-json\/wp\/v2\/categories?post=7016"},{"taxonomy":"post_tag","embeddable":true,"href":"https:\/\/portalisproject.eu\/ga\/wp-json\/wp\/v2\/tags?post=7016"}],"curies":[{"name":"wp","href":"https:\/\/api.w.org\/{rel}","templated":true}]}}