{"id":6712,"date":"2022-05-13T15:32:28","date_gmt":"2022-05-13T15:32:28","guid":{"rendered":"http:\/\/portalisproject.eu\/deanann-portalis-la-na-heorpa-a-cheiliuradh\/"},"modified":"2022-09-28T11:58:33","modified_gmt":"2022-09-28T11:58:33","slug":"deanann-portalis-la-na-heorpa-a-cheiliuradh","status":"publish","type":"post","link":"https:\/\/portalisproject.eu\/ga\/deanann-portalis-la-na-heorpa-a-cheiliuradh\/","title":{"rendered":"D\u00e9anann Portalis L\u00e1 na hEorpa a cheili\u00faradh"},"content":{"rendered":"<p><strong>T\u00e1 foireann Portalis gn\u00f3thach ag roinnt \u00e1r sc\u00e9al agus sonra\u00ed spreag\u00fala an tionscadail ag roinnt imeachta\u00ed i rith na m\u00edosa seo, ag tos\u00fa in \u00c9irinn tr\u00ed L\u00e1 na hEorpa a cheili\u00faradh len\u00e1r bp\u00e1irtithe leasmhara i Loch Garman. L\u00e9arsc\u00e1il\u00edonn Portalis sc\u00e9al an ch\u00e9ad aistear idir \u00c9ire agus an Bhreatain Bheag, ag dul siar go dt\u00ed an tr\u00e9imhse Mh\u00e9isiliteach, 10,000 bliain \u00f3 shin, i gcomhth\u00e9acs athl\u00e9imneacht chomhaimseartha agus oiri\u00fan\u00fa aer\u00e1ide, do phobail ch\u00f3sta \u00e1iti\u00fala agus d\u00e1 gcuairteoir\u00ed.<\/strong><\/p>\n<p>Chuaigh Portalis i gcomhar le foirne tionscadail eile at\u00e1 maoinithe ag an Eoraip chun an obair at\u00e1 \u00e1 d\u00e9anamh tr\u00ed Chiste Forbra\u00edochta R\u00e9igi\u00fana\u00ed na hEorpa a thaispe\u00e1int ag imeacht L\u00e1 Eorpach Chomhairle Contae Loch Garman ar an 9 Bealtaine. D\u00e9anann L\u00e1 na hEorpa ceili\u00faradh ar stair chomhroinnte na hEorpa agus f\u00e9achann s\u00e9 ar dh\u00fashl\u00e1in na todhcha\u00ed, ag ceili\u00faradh l\u00e1idreacht oibri\u00fa le ch\u00e9ile in aontacht.<\/p>\n<p>Is tionscadal p\u00edol\u00f3tach trasdiscipl\u00edneach dearadh treoraithe \u00e9 Portalis, arna thac\u00fa ag Ciste Forbra\u00edochta R\u00e9igi\u00fana\u00ed na hEorpa tr\u00ed Chl\u00e1r Comhair na h\u00c9ireann-na Breataine Bige, <a href=\"http:\/\/www.irelandwales.eu\/\" target=\"_blank\" rel=\"noopener\">www.irelandwales.eu<\/a> . T\u00e1 s\u00e9 mar aidhm ag an tionscadal \u20ac1.95 milli\u00fan feasacht a ard\u00fa, oidhreacht chult\u00fartha agus n\u00e1d\u00fartha chomhroinnte a chosaint agus tac\u00fa le rannph\u00e1irt\u00edocht inbhuanaithe, tr\u00ed dh\u00e1 ghr\u00e9as\u00e1n nua turas\u00f3ireachta \u00f3 thaith\u00ed agus cult\u00fair trasteorann a bhun\u00fa.<\/p>\n<p>Is \u00ed Ollscoil Teicneola\u00edochta an Oirdheiscirt (SETU) a sti\u00farann an tionscadal agus t\u00e1 taca\u00edocht aige \u00f3 Ollscoil na Breataine Bige, Col\u00e1iste na Tr\u00edon\u00f3ide, David, Comhairle Contae Ceredigion agus Comhlachas Tr\u00e1cht\u00e1la Phort L\u00e1irge.<\/p>\n<p>Is cl\u00e1r muir\u00ed \u00e9 cl\u00e1r \u00c9ire na Breataine Bige 2014-2020 2014-2020 um Chomhar idir Chr\u00edocha na hEorpa (ETC) a nascann gn\u00f3lachta\u00ed agus pobail ar ch\u00f3sta thiar na Breataine Bige le c\u00f3sta Oirdheisceart na h\u00c9ireann. D\u00edr\u00edonn an cl\u00e1r ar r\u00e9itigh a lorg ar dh\u00fashl\u00e1in chomhroinnte lena n-\u00e1ir\u00edtear Muir \u00c9ireann agus pobail ch\u00f3sta a oiri\u00fan\u00fa d\u2019athr\u00fa aer\u00e1ide, agus acmhainn\u00ed agus oidhreacht chult\u00fartha agus n\u00e1d\u00fartha.<\/p>\n<p>Ag labhairt d\u00f3 i ndiaidh na h\u00f3c\u00e1ide d\u00fairt Donal Nolan \u00f3 Chomhlachas Tr\u00e1cht\u00e1la Phort L\u00e1irge: \u201cIs \u00e9 \u00e1r sainch\u00faram mar chuid den tionscadal seo n\u00e1 l\u00edonra a bhun\u00fa a \u00e9asc\u00f3idh comhoibri\u00fa idir na r\u00e9igi\u00fain amach anseo agus a chuirfidh le heisp\u00e9ireas na bpobal \u00e1iti\u00fail de r\u00e9ir mar a th\u00e9ann turas\u00f3ir\u00ed idir na Breatnaigh. agus su\u00edomhanna Gaeilge. Le linn an tionscadail seo, ba mhaith linn oibri\u00fa le pobail \u00e1iti\u00fala chun cabhr\u00fa leo a n-acmhainn\u00ed cult\u00fartha a fhorbairt le go mbeidh a gceantar ina \u00e1it n\u00edos fearr le cuairt a thabhairt air agus le c\u00f3na\u00ed ann.\u201d<\/p>\n<p>D\u00fairt an Dr. Yvonne Byrne, Bainisteoir Tionscadail Portalis EU, SETU, \u201cBh\u00ed an-\u00e1thas orainn L\u00e1 na hEorpa a cheili\u00faradh le raon \u00e9ags\u00fail de Thionscnaimh Eorpacha spreag\u00fala eile i Loch Garman. Tugann Portalis deis uath\u00fail chun tuiscint n\u00edos fearr a chruth\u00fa ar oidhreacht shaibhir na h\u00c9ireann ar f\u00e9idir a \u00fas\u00e1id chun eisp\u00e9iris turas\u00f3ireachta spreag\u00fala agus idirghn\u00edomhacha a fhorbairt.&#8221;<\/p>\n<p>T\u00e1 go leor deiseanna ann do dhaoine ar an d\u00e1 thaobh de Mhuir \u00c9ireann taitneamh a bhaint as a bheith rannph\u00e1irteach in\u00e1r ngn\u00edomha\u00edochta\u00ed sna m\u00edonna amach romhainn, lena n-\u00e1ir\u00edtear imeachta\u00ed Seand\u00e1la\u00edochta Poibl\u00ed agus Eola\u00edocht Saor\u00e1nach; Deartha\u00ed taith\u00ed cuairteoir\u00ed nua den scoth le taca\u00edocht VR ag dh\u00e1 phr\u00edomh-mh\u00fasaem in \u00c9irinn agus sa Bhreatain Bheag, ag nascadh le heisp\u00e9iris ceann scr\u00edbe feadh \u00e1r gc\u00f3sta\u00ed; D\u00e9anamh scann\u00e1n; aip nua soghluaiste agus t\u00e1ibl\u00e9ad; taispe\u00e1ntas 3D ar l\u00edne mar aon le go leor imeachta\u00ed agus tionscnamh spreag\u00fala eile a thac\u00f3idh le pobail agus gn\u00f3lachta\u00ed in \u00c9irinn agus sa Bhreatain Bheag.<\/p>\n<p>Lean muid ar Twitter <a href=\"https:\/\/twitter.com\/portalisproject\">@PortalisProject<\/a> agus Facebook<\/p>\n<p><strong>Le haghaidh tuilleadh faisn\u00e9ise tabhair cuairt ar <a href=\"http:\/\/www.portalisproject.eu\/\" target=\"_blank\" rel=\"noopener\">www.portalisproject.eu<\/a><\/strong><\/p>\n","protected":false},"excerpt":{"rendered":"<p>T\u00e1 foireann Portalis gn\u00f3thach ag roinnt \u00e1r sc\u00e9al agus sonra\u00ed [&hellip;]<\/p>\n","protected":false},"author":5,"featured_media":6717,"comment_status":"open","ping_status":"open","sticky":false,"template":"","format":"standard","meta":{"footnotes":""},"categories":[74],"tags":[],"class_list":["post-6712","post","type-post","status-publish","format-standard","has-post-thumbnail","hentry","category-nuacht"],"yoast_head":"<!-- This site is optimized with the Yoast SEO plugin v27.5 - https:\/\/yoast.com\/product\/yoast-seo-wordpress\/ -->\n<title>D\u00e9anann Portalis L\u00e1 na hEorpa a cheili\u00faradh - Portalis<\/title>\n<meta name=\"description\" content=\"I measc na bhfionnachtana t\u00e1 dearbh\u00fa ar fhoraois bh\u00e1ite, agus go raibh contae Phort L\u00e1irge i measc na gc\u00e9ad \u00e1iteanna in \u00c9irinn a socra\u00edodh 10,000 bliain \u00f3 shin.\" \/>\n<meta name=\"robots\" content=\"index, follow, max-snippet:-1, max-image-preview:large, max-video-preview:-1\" \/>\n<link rel=\"canonical\" href=\"https:\/\/portalisproject.eu\/ga\/deanann-portalis-la-na-heorpa-a-cheiliuradh\/\" \/>\n<meta property=\"og:locale\" content=\"ga_IE\" \/>\n<meta property=\"og:type\" content=\"article\" \/>\n<meta property=\"og:title\" content=\"D\u00e9anann Portalis L\u00e1 na hEorpa a cheili\u00faradh - Portalis\" \/>\n<meta property=\"og:description\" content=\"I measc na bhfionnachtana t\u00e1 dearbh\u00fa ar fhoraois bh\u00e1ite, agus go raibh contae Phort L\u00e1irge i measc na gc\u00e9ad \u00e1iteanna in \u00c9irinn a socra\u00edodh 10,000 bliain \u00f3 shin.\" \/>\n<meta property=\"og:url\" content=\"https:\/\/portalisproject.eu\/ga\/deanann-portalis-la-na-heorpa-a-cheiliuradh\/\" \/>\n<meta property=\"og:site_name\" content=\"Portalis\" \/>\n<meta property=\"article:published_time\" content=\"2022-05-13T15:32:28+00:00\" \/>\n<meta property=\"article:modified_time\" content=\"2022-09-28T11:58:33+00:00\" \/>\n<meta property=\"og:image\" content=\"https:\/\/portalisproject.eu\/wp-content\/uploads\/2022\/05\/8-May-2020-EU-day.jpeg\" \/>\n\t<meta property=\"og:image:width\" content=\"1000\" \/>\n\t<meta property=\"og:image:height\" content=\"525\" \/>\n\t<meta property=\"og:image:type\" content=\"image\/jpeg\" \/>\n<meta name=\"author\" content=\"Ian.Dunne@setu.ie\" \/>\n<meta name=\"twitter:card\" content=\"summary_large_image\" \/>\n<meta name=\"twitter:label1\" content=\"Written by\" \/>\n\t<meta name=\"twitter:data1\" content=\"Ian.Dunne@setu.ie\" \/>\n\t<meta name=\"twitter:label2\" content=\"Est. reading time\" \/>\n\t<meta name=\"twitter:data2\" content=\"3 minutes\" \/>\n<script type=\"application\/ld+json\" class=\"yoast-schema-graph\">{\"@context\":\"https:\\\/\\\/schema.org\",\"@graph\":[{\"@type\":\"Article\",\"@id\":\"https:\\\/\\\/portalisproject.eu\\\/ga\\\/deanann-portalis-la-na-heorpa-a-cheiliuradh\\\/#article\",\"isPartOf\":{\"@id\":\"https:\\\/\\\/portalisproject.eu\\\/ga\\\/deanann-portalis-la-na-heorpa-a-cheiliuradh\\\/\"},\"author\":{\"name\":\"Ian.Dunne@setu.ie\",\"@id\":\"https:\\\/\\\/portalisproject.eu\\\/ga\\\/#\\\/schema\\\/person\\\/5d87db79def8ec69a4079588006e4a5a\"},\"headline\":\"D\u00e9anann Portalis L\u00e1 na hEorpa a cheili\u00faradh\",\"datePublished\":\"2022-05-13T15:32:28+00:00\",\"dateModified\":\"2022-09-28T11:58:33+00:00\",\"mainEntityOfPage\":{\"@id\":\"https:\\\/\\\/portalisproject.eu\\\/ga\\\/deanann-portalis-la-na-heorpa-a-cheiliuradh\\\/\"},\"wordCount\":698,\"commentCount\":0,\"image\":{\"@id\":\"https:\\\/\\\/portalisproject.eu\\\/ga\\\/deanann-portalis-la-na-heorpa-a-cheiliuradh\\\/#primaryimage\"},\"thumbnailUrl\":\"https:\\\/\\\/portalisproject.eu\\\/wp-content\\\/uploads\\\/2022\\\/05\\\/8-May-2020-EU-day.jpeg\",\"articleSection\":[\"Nuacht\"],\"inLanguage\":\"ga-IE\",\"potentialAction\":[{\"@type\":\"CommentAction\",\"name\":\"Comment\",\"target\":[\"https:\\\/\\\/portalisproject.eu\\\/ga\\\/deanann-portalis-la-na-heorpa-a-cheiliuradh\\\/#respond\"]}]},{\"@type\":\"WebPage\",\"@id\":\"https:\\\/\\\/portalisproject.eu\\\/ga\\\/deanann-portalis-la-na-heorpa-a-cheiliuradh\\\/\",\"url\":\"https:\\\/\\\/portalisproject.eu\\\/ga\\\/deanann-portalis-la-na-heorpa-a-cheiliuradh\\\/\",\"name\":\"D\u00e9anann Portalis L\u00e1 na hEorpa a cheili\u00faradh - Portalis\",\"isPartOf\":{\"@id\":\"https:\\\/\\\/portalisproject.eu\\\/ga\\\/#website\"},\"primaryImageOfPage\":{\"@id\":\"https:\\\/\\\/portalisproject.eu\\\/ga\\\/deanann-portalis-la-na-heorpa-a-cheiliuradh\\\/#primaryimage\"},\"image\":{\"@id\":\"https:\\\/\\\/portalisproject.eu\\\/ga\\\/deanann-portalis-la-na-heorpa-a-cheiliuradh\\\/#primaryimage\"},\"thumbnailUrl\":\"https:\\\/\\\/portalisproject.eu\\\/wp-content\\\/uploads\\\/2022\\\/05\\\/8-May-2020-EU-day.jpeg\",\"datePublished\":\"2022-05-13T15:32:28+00:00\",\"dateModified\":\"2022-09-28T11:58:33+00:00\",\"author\":{\"@id\":\"https:\\\/\\\/portalisproject.eu\\\/ga\\\/#\\\/schema\\\/person\\\/5d87db79def8ec69a4079588006e4a5a\"},\"description\":\"I measc na bhfionnachtana t\u00e1 dearbh\u00fa ar fhoraois bh\u00e1ite, agus go raibh contae Phort L\u00e1irge i measc na gc\u00e9ad \u00e1iteanna in \u00c9irinn a socra\u00edodh 10,000 bliain \u00f3 shin.\",\"breadcrumb\":{\"@id\":\"https:\\\/\\\/portalisproject.eu\\\/ga\\\/deanann-portalis-la-na-heorpa-a-cheiliuradh\\\/#breadcrumb\"},\"inLanguage\":\"ga-IE\",\"potentialAction\":[{\"@type\":\"ReadAction\",\"target\":[\"https:\\\/\\\/portalisproject.eu\\\/ga\\\/deanann-portalis-la-na-heorpa-a-cheiliuradh\\\/\"]}]},{\"@type\":\"ImageObject\",\"inLanguage\":\"ga-IE\",\"@id\":\"https:\\\/\\\/portalisproject.eu\\\/ga\\\/deanann-portalis-la-na-heorpa-a-cheiliuradh\\\/#primaryimage\",\"url\":\"https:\\\/\\\/portalisproject.eu\\\/wp-content\\\/uploads\\\/2022\\\/05\\\/8-May-2020-EU-day.jpeg\",\"contentUrl\":\"https:\\\/\\\/portalisproject.eu\\\/wp-content\\\/uploads\\\/2022\\\/05\\\/8-May-2020-EU-day.jpeg\",\"width\":1000,\"height\":525},{\"@type\":\"BreadcrumbList\",\"@id\":\"https:\\\/\\\/portalisproject.eu\\\/ga\\\/deanann-portalis-la-na-heorpa-a-cheiliuradh\\\/#breadcrumb\",\"itemListElement\":[{\"@type\":\"ListItem\",\"position\":1,\"name\":\"Home\",\"item\":\"https:\\\/\\\/portalisproject.eu\\\/ga\\\/\"},{\"@type\":\"ListItem\",\"position\":2,\"name\":\"D\u00e9anann Portalis L\u00e1 na hEorpa a cheili\u00faradh\"}]},{\"@type\":\"WebSite\",\"@id\":\"https:\\\/\\\/portalisproject.eu\\\/ga\\\/#website\",\"url\":\"https:\\\/\\\/portalisproject.eu\\\/ga\\\/\",\"name\":\"Portalis\",\"description\":\"Discover the earliest connection between Ireland and Wales\",\"potentialAction\":[{\"@type\":\"SearchAction\",\"target\":{\"@type\":\"EntryPoint\",\"urlTemplate\":\"https:\\\/\\\/portalisproject.eu\\\/ga\\\/?s={search_term_string}\"},\"query-input\":{\"@type\":\"PropertyValueSpecification\",\"valueRequired\":true,\"valueName\":\"search_term_string\"}}],\"inLanguage\":\"ga-IE\"},{\"@type\":\"Person\",\"@id\":\"https:\\\/\\\/portalisproject.eu\\\/ga\\\/#\\\/schema\\\/person\\\/5d87db79def8ec69a4079588006e4a5a\",\"name\":\"Ian.Dunne@setu.ie\",\"image\":{\"@type\":\"ImageObject\",\"inLanguage\":\"ga-IE\",\"@id\":\"https:\\\/\\\/secure.gravatar.com\\\/avatar\\\/2384ef6d46d68b2eb044798e2c071f4e55882bbea7ebf77b985d97e464995723?s=96&d=mm&r=g\",\"url\":\"https:\\\/\\\/secure.gravatar.com\\\/avatar\\\/2384ef6d46d68b2eb044798e2c071f4e55882bbea7ebf77b985d97e464995723?s=96&d=mm&r=g\",\"contentUrl\":\"https:\\\/\\\/secure.gravatar.com\\\/avatar\\\/2384ef6d46d68b2eb044798e2c071f4e55882bbea7ebf77b985d97e464995723?s=96&d=mm&r=g\",\"caption\":\"Ian.Dunne@setu.ie\"},\"url\":\"https:\\\/\\\/portalisproject.eu\\\/ga\\\/author\\\/ian-dunnesetu-ie\\\/\"}]}<\/script>\n<!-- \/ Yoast SEO plugin. -->","yoast_head_json":{"title":"D\u00e9anann Portalis L\u00e1 na hEorpa a cheili\u00faradh - Portalis","description":"I measc na bhfionnachtana t\u00e1 dearbh\u00fa ar fhoraois bh\u00e1ite, agus go raibh contae Phort L\u00e1irge i measc na gc\u00e9ad \u00e1iteanna in \u00c9irinn a socra\u00edodh 10,000 bliain \u00f3 shin.","robots":{"index":"index","follow":"follow","max-snippet":"max-snippet:-1","max-image-preview":"max-image-preview:large","max-video-preview":"max-video-preview:-1"},"canonical":"https:\/\/portalisproject.eu\/ga\/deanann-portalis-la-na-heorpa-a-cheiliuradh\/","og_locale":"ga_IE","og_type":"article","og_title":"D\u00e9anann Portalis L\u00e1 na hEorpa a cheili\u00faradh - Portalis","og_description":"I measc na bhfionnachtana t\u00e1 dearbh\u00fa ar fhoraois bh\u00e1ite, agus go raibh contae Phort L\u00e1irge i measc na gc\u00e9ad \u00e1iteanna in \u00c9irinn a socra\u00edodh 10,000 bliain \u00f3 shin.","og_url":"https:\/\/portalisproject.eu\/ga\/deanann-portalis-la-na-heorpa-a-cheiliuradh\/","og_site_name":"Portalis","article_published_time":"2022-05-13T15:32:28+00:00","article_modified_time":"2022-09-28T11:58:33+00:00","og_image":[{"width":1000,"height":525,"url":"https:\/\/portalisproject.eu\/wp-content\/uploads\/2022\/05\/8-May-2020-EU-day.jpeg","type":"image\/jpeg"}],"author":"Ian.Dunne@setu.ie","twitter_card":"summary_large_image","twitter_misc":{"Written by":"Ian.Dunne@setu.ie","Est. reading time":"3 minutes"},"schema":{"@context":"https:\/\/schema.org","@graph":[{"@type":"Article","@id":"https:\/\/portalisproject.eu\/ga\/deanann-portalis-la-na-heorpa-a-cheiliuradh\/#article","isPartOf":{"@id":"https:\/\/portalisproject.eu\/ga\/deanann-portalis-la-na-heorpa-a-cheiliuradh\/"},"author":{"name":"Ian.Dunne@setu.ie","@id":"https:\/\/portalisproject.eu\/ga\/#\/schema\/person\/5d87db79def8ec69a4079588006e4a5a"},"headline":"D\u00e9anann Portalis L\u00e1 na hEorpa a cheili\u00faradh","datePublished":"2022-05-13T15:32:28+00:00","dateModified":"2022-09-28T11:58:33+00:00","mainEntityOfPage":{"@id":"https:\/\/portalisproject.eu\/ga\/deanann-portalis-la-na-heorpa-a-cheiliuradh\/"},"wordCount":698,"commentCount":0,"image":{"@id":"https:\/\/portalisproject.eu\/ga\/deanann-portalis-la-na-heorpa-a-cheiliuradh\/#primaryimage"},"thumbnailUrl":"https:\/\/portalisproject.eu\/wp-content\/uploads\/2022\/05\/8-May-2020-EU-day.jpeg","articleSection":["Nuacht"],"inLanguage":"ga-IE","potentialAction":[{"@type":"CommentAction","name":"Comment","target":["https:\/\/portalisproject.eu\/ga\/deanann-portalis-la-na-heorpa-a-cheiliuradh\/#respond"]}]},{"@type":"WebPage","@id":"https:\/\/portalisproject.eu\/ga\/deanann-portalis-la-na-heorpa-a-cheiliuradh\/","url":"https:\/\/portalisproject.eu\/ga\/deanann-portalis-la-na-heorpa-a-cheiliuradh\/","name":"D\u00e9anann Portalis L\u00e1 na hEorpa a cheili\u00faradh - Portalis","isPartOf":{"@id":"https:\/\/portalisproject.eu\/ga\/#website"},"primaryImageOfPage":{"@id":"https:\/\/portalisproject.eu\/ga\/deanann-portalis-la-na-heorpa-a-cheiliuradh\/#primaryimage"},"image":{"@id":"https:\/\/portalisproject.eu\/ga\/deanann-portalis-la-na-heorpa-a-cheiliuradh\/#primaryimage"},"thumbnailUrl":"https:\/\/portalisproject.eu\/wp-content\/uploads\/2022\/05\/8-May-2020-EU-day.jpeg","datePublished":"2022-05-13T15:32:28+00:00","dateModified":"2022-09-28T11:58:33+00:00","author":{"@id":"https:\/\/portalisproject.eu\/ga\/#\/schema\/person\/5d87db79def8ec69a4079588006e4a5a"},"description":"I measc na bhfionnachtana t\u00e1 dearbh\u00fa ar fhoraois bh\u00e1ite, agus go raibh contae Phort L\u00e1irge i measc na gc\u00e9ad \u00e1iteanna in \u00c9irinn a socra\u00edodh 10,000 bliain \u00f3 shin.","breadcrumb":{"@id":"https:\/\/portalisproject.eu\/ga\/deanann-portalis-la-na-heorpa-a-cheiliuradh\/#breadcrumb"},"inLanguage":"ga-IE","potentialAction":[{"@type":"ReadAction","target":["https:\/\/portalisproject.eu\/ga\/deanann-portalis-la-na-heorpa-a-cheiliuradh\/"]}]},{"@type":"ImageObject","inLanguage":"ga-IE","@id":"https:\/\/portalisproject.eu\/ga\/deanann-portalis-la-na-heorpa-a-cheiliuradh\/#primaryimage","url":"https:\/\/portalisproject.eu\/wp-content\/uploads\/2022\/05\/8-May-2020-EU-day.jpeg","contentUrl":"https:\/\/portalisproject.eu\/wp-content\/uploads\/2022\/05\/8-May-2020-EU-day.jpeg","width":1000,"height":525},{"@type":"BreadcrumbList","@id":"https:\/\/portalisproject.eu\/ga\/deanann-portalis-la-na-heorpa-a-cheiliuradh\/#breadcrumb","itemListElement":[{"@type":"ListItem","position":1,"name":"Home","item":"https:\/\/portalisproject.eu\/ga\/"},{"@type":"ListItem","position":2,"name":"D\u00e9anann Portalis L\u00e1 na hEorpa a cheili\u00faradh"}]},{"@type":"WebSite","@id":"https:\/\/portalisproject.eu\/ga\/#website","url":"https:\/\/portalisproject.eu\/ga\/","name":"Portalis","description":"Discover the earliest connection between Ireland and Wales","potentialAction":[{"@type":"SearchAction","target":{"@type":"EntryPoint","urlTemplate":"https:\/\/portalisproject.eu\/ga\/?s={search_term_string}"},"query-input":{"@type":"PropertyValueSpecification","valueRequired":true,"valueName":"search_term_string"}}],"inLanguage":"ga-IE"},{"@type":"Person","@id":"https:\/\/portalisproject.eu\/ga\/#\/schema\/person\/5d87db79def8ec69a4079588006e4a5a","name":"Ian.Dunne@setu.ie","image":{"@type":"ImageObject","inLanguage":"ga-IE","@id":"https:\/\/secure.gravatar.com\/avatar\/2384ef6d46d68b2eb044798e2c071f4e55882bbea7ebf77b985d97e464995723?s=96&d=mm&r=g","url":"https:\/\/secure.gravatar.com\/avatar\/2384ef6d46d68b2eb044798e2c071f4e55882bbea7ebf77b985d97e464995723?s=96&d=mm&r=g","contentUrl":"https:\/\/secure.gravatar.com\/avatar\/2384ef6d46d68b2eb044798e2c071f4e55882bbea7ebf77b985d97e464995723?s=96&d=mm&r=g","caption":"Ian.Dunne@setu.ie"},"url":"https:\/\/portalisproject.eu\/ga\/author\/ian-dunnesetu-ie\/"}]}},"_links":{"self":[{"href":"https:\/\/portalisproject.eu\/ga\/wp-json\/wp\/v2\/posts\/6712","targetHints":{"allow":["GET"]}}],"collection":[{"href":"https:\/\/portalisproject.eu\/ga\/wp-json\/wp\/v2\/posts"}],"about":[{"href":"https:\/\/portalisproject.eu\/ga\/wp-json\/wp\/v2\/types\/post"}],"author":[{"embeddable":true,"href":"https:\/\/portalisproject.eu\/ga\/wp-json\/wp\/v2\/users\/5"}],"replies":[{"embeddable":true,"href":"https:\/\/portalisproject.eu\/ga\/wp-json\/wp\/v2\/comments?post=6712"}],"version-history":[{"count":1,"href":"https:\/\/portalisproject.eu\/ga\/wp-json\/wp\/v2\/posts\/6712\/revisions"}],"predecessor-version":[{"id":6713,"href":"https:\/\/portalisproject.eu\/ga\/wp-json\/wp\/v2\/posts\/6712\/revisions\/6713"}],"wp:featuredmedia":[{"embeddable":true,"href":"https:\/\/portalisproject.eu\/ga\/wp-json\/wp\/v2\/media\/6717"}],"wp:attachment":[{"href":"https:\/\/portalisproject.eu\/ga\/wp-json\/wp\/v2\/media?parent=6712"}],"wp:term":[{"taxonomy":"category","embeddable":true,"href":"https:\/\/portalisproject.eu\/ga\/wp-json\/wp\/v2\/categories?post=6712"},{"taxonomy":"post_tag","embeddable":true,"href":"https:\/\/portalisproject.eu\/ga\/wp-json\/wp\/v2\/tags?post=6712"}],"curies":[{"name":"wp","href":"https:\/\/api.w.org\/{rel}","templated":true}]}}